{"id":289,"date":"2025-11-14T10:50:20","date_gmt":"2025-11-14T09:50:20","guid":{"rendered":"https:\/\/www.letheatrerit.fr\/?p=289"},"modified":"2026-02-24T09:25:09","modified_gmt":"2026-02-24T08:25:09","slug":"hotel-des-deux-mondes","status":"publish","type":"post","link":"http:\/\/www.letheatrerit.fr\/?p=289","title":{"rendered":"HOTEL DES DEUX  MONDES"},"content":{"rendered":"<h2><a href=\"https:\/\/www.letheatrerit.fr\/?attachment_id=319\" rel=\"attachment wp-att-319\"><img loading=\"lazy\" decoding=\"async\" class=\"aligncenter size-large wp-image-319\" src=\"http:\/\/www.letheatrerit.fr\/wp-content\/uploads\/2026\/02\/Affiche-Hotel-des-2-mondes-724x1024.jpg\" alt=\"\" width=\"724\" height=\"1024\" srcset=\"http:\/\/www.letheatrerit.fr\/wp-content\/uploads\/2026\/02\/Affiche-Hotel-des-2-mondes-724x1024.jpg 724w, http:\/\/www.letheatrerit.fr\/wp-content\/uploads\/2026\/02\/Affiche-Hotel-des-2-mondes-212x300.jpg 212w, http:\/\/www.letheatrerit.fr\/wp-content\/uploads\/2026\/02\/Affiche-Hotel-des-2-mondes-768x1086.jpg 768w, http:\/\/www.letheatrerit.fr\/wp-content\/uploads\/2026\/02\/Affiche-Hotel-des-2-mondes-1086x1536.jpg 1086w, http:\/\/www.letheatrerit.fr\/wp-content\/uploads\/2026\/02\/Affiche-Hotel-des-2-mondes-1448x2048.jpg 1448w, http:\/\/www.letheatrerit.fr\/wp-content\/uploads\/2026\/02\/Affiche-Hotel-des-2-mondes.jpg 1587w\" sizes=\"(max-width: 724px) 100vw, 724px\" \/><\/a><\/h2>\n<h2>L&rsquo;histoire<\/h2>\n<p class=\"cvGsUA direction-ltr align-justify para-style-body\"><span class=\"a_GcMg font-feature-liga-off font-feature-clig-off font-feature-calt-off text-decoration-none text-strikethrough-none\">D\u00e9couvrez <\/span><em><span class=\"a_GcMg font-feature-liga-off font-feature-clig-off font-feature-calt-off text-decoration-none text-strikethrough-none\">H\u00f4tel des deux mondes<\/span><\/em><span class=\"a_GcMg font-feature-liga-off font-feature-clig-off font-feature-calt-off text-decoration-none text-strikethrough-none\">, la pi\u00e8ce vibrante d&rsquo;Eric-Emmanuel Schmitt.<\/span><\/p>\n<p class=\"cvGsUA direction-ltr align-justify para-style-body\"><span class=\"a_GcMg font-feature-liga-off font-feature-clig-off font-feature-calt-off text-decoration-none text-strikethrough-none\">Aucun client ne sait comment il est arriv\u00e9 \u00e0 l\u2019H\u00f4tel des deux mondes. Ni quand il en repartira. Dans ce lieu \u00e9trange, tout devient possible, m\u00eame les miracles.<\/span><\/p>\n<p class=\"cvGsUA direction-ltr align-justify para-style-body\"><span class=\"a_GcMg font-feature-liga-off font-feature-clig-off font-feature-calt-off text-decoration-none text-strikethrough-none\">Huit personnes s\u2019interrogent, se disputent, se moquent, s\u2019attendrissent, voire s\u2019aiment. Certains changeront, d\u2019autres pas, chacun restant le ma\u00eetre de son chemin.<\/span><\/p>\n<p class=\"cvGsUA direction-ltr align-justify para-style-body\"><span class=\"a_GcMg font-feature-liga-off font-feature-clig-off font-feature-calt-off text-decoration-none text-strikethrough-none\">Un suspense m\u00e9taphysique entre r\u00eave et r\u00e9alit\u00e9, une com\u00e9die philosophique o\u00f9 l\u2019on poursuit sa recherche \u00e9perdue du sens et pose le myst\u00e8re comme raison m\u00eame d\u2019esp\u00e9rer.<\/span><\/p>\n<p>&nbsp;<\/p>\n<h2><strong>Mise en sc\u00e8ne\u00a0<\/strong><\/h2>\n<p>L\u00e9o BOSSAVIT<\/p>\n<h2><strong>D\u00e9cors et accessoires<\/strong><\/h2>\n<p>Sandra BUREAU, assist\u00e9e d&rsquo;Anne SCHAEFFER<\/p>\n<h2><strong>Cr\u00e9ation vid\u00e9o<\/strong><\/h2>\n<p>Pascal FROU<\/p>\n<h2><strong>Audio-description et Communication<\/strong><\/h2>\n<p>Adeline BERTOUMIEUX<\/p>\n<h2><strong>Distribution<\/strong><\/h2>\n<p>Par ordre d\u2019entr\u00e9e en sc\u00e8ne<\/p>\n<p class=\"cvGsUA direction-ltr align-start para-style-body\"><em><span class=\"a_GcMg font-feature-liga-off font-feature-clig-off font-feature-calt-off text-decoration-none text-strikethrough-none\">Julien<\/span><\/em><span class=\"a_GcMg font-feature-liga-off font-feature-clig-off font-feature-calt-off text-decoration-none text-strikethrough-none\"><em> :<\/em> Jean-Christophe BERTOUMIEUX &#8211; <\/span><em><span class=\"a_GcMg font-feature-liga-off font-feature-clig-off font-feature-calt-off text-decoration-none text-strikethrough-none\">Ange <\/span><\/em><span class=\"a_GcMg font-feature-liga-off font-feature-clig-off font-feature-calt-off text-decoration-none text-strikethrough-none\"><em>:<\/em> Nicolas de LASSUS <\/span><span class=\"a_GcMg font-feature-liga-off font-feature-clig-off font-feature-calt-off text-decoration-none text-strikethrough-none\">&#8211; <\/span><em><span class=\"a_GcMg font-feature-liga-off font-feature-clig-off font-feature-calt-off text-decoration-none text-strikethrough-none\">Le Mage <\/span><\/em><span class=\"a_GcMg font-feature-liga-off font-feature-clig-off font-feature-calt-off text-decoration-none text-strikethrough-none\"><em>:<\/em> Pierre FAUTRAT &#8211; <\/span><em><span class=\"a_GcMg font-feature-liga-off font-feature-clig-off font-feature-calt-off text-decoration-none text-strikethrough-none\">Le Pr\u00e9sident<\/span><\/em><span class=\"a_GcMg font-feature-liga-off font-feature-clig-off font-feature-calt-off text-decoration-none text-strikethrough-none\"><em> :<\/em> Rudy MAAREK &#8211; <\/span><em><span class=\"a_GcMg font-feature-liga-off font-feature-clig-off font-feature-calt-off text-decoration-none text-strikethrough-none\">Marie<\/span><\/em><span class=\"a_GcMg font-feature-liga-off font-feature-clig-off font-feature-calt-off text-decoration-none text-strikethrough-none\"><em> :<\/em> Val\u00e9rie LEPEE\u00a0 &#8211; <\/span><em><span class=\"a_GcMg font-feature-liga-off font-feature-clig-off font-feature-calt-off text-decoration-none text-strikethrough-none\">Le Docteur S<\/span><\/em><span class=\"a_GcMg font-feature-liga-off font-feature-clig-off font-feature-calt-off text-decoration-none text-strikethrough-none\"><em> :<\/em> Marguerite de LASSUS &#8211; <\/span><em><span class=\"a_GcMg font-feature-liga-off font-feature-clig-off font-feature-calt-off text-decoration-none text-strikethrough-none\">Laura<\/span><\/em><span class=\"a_GcMg font-feature-liga-off font-feature-clig-off font-feature-calt-off text-decoration-none text-strikethrough-none\"><em> :<\/em> Fanny DURAND<\/span><\/p>\n","protected":false},"excerpt":{"rendered":"<p>L&rsquo;histoire D\u00e9couvrez H\u00f4tel des deux mondes, la pi\u00e8ce vibrante d&rsquo;Eric-Emmanuel Schmitt. Aucun&#8230; <br \/><a class=\"readmore\" href=\"http:\/\/www.letheatrerit.fr\/?p=289\">Lire la suite<\/a><\/p>\n","protected":false},"author":2,"featured_media":0,"comment_status":"open","ping_status":"open","sticky":true,"template":"","format":"standard","meta":{"footnotes":""},"categories":[26],"tags":[],"_links":{"self":[{"href":"http:\/\/www.letheatrerit.fr\/index.php?rest_route=\/wp\/v2\/posts\/289"}],"collection":[{"href":"http:\/\/www.letheatrerit.fr\/index.php?rest_route=\/wp\/v2\/posts"}],"about":[{"href":"http:\/\/www.letheatrerit.fr\/index.php?rest_route=\/wp\/v2\/types\/post"}],"author":[{"embeddable":true,"href":"http:\/\/www.letheatrerit.fr\/index.php?rest_route=\/wp\/v2\/users\/2"}],"replies":[{"embeddable":true,"href":"http:\/\/www.letheatrerit.fr\/index.php?rest_route=%2Fwp%2Fv2%2Fcomments&post=289"}],"version-history":[{"count":18,"href":"http:\/\/www.letheatrerit.fr\/index.php?rest_route=\/wp\/v2\/posts\/289\/revisions"}],"predecessor-version":[{"id":323,"href":"http:\/\/www.letheatrerit.fr\/index.php?rest_route=\/wp\/v2\/posts\/289\/revisions\/323"}],"wp:attachment":[{"href":"http:\/\/www.letheatrerit.fr\/index.php?rest_route=%2Fwp%2Fv2%2Fmedia&parent=289"}],"wp:term":[{"taxonomy":"category","embeddable":true,"href":"http:\/\/www.letheatrerit.fr\/index.php?rest_route=%2Fwp%2Fv2%2Fcategories&post=289"},{"taxonomy":"post_tag","embeddable":true,"href":"http:\/\/www.letheatrerit.fr\/index.php?rest_route=%2Fwp%2Fv2%2Ftags&post=289"}],"curies":[{"name":"wp","href":"https:\/\/api.w.org\/{rel}","templated":true}]}}